{"id":1237,"date":"2021-10-13T09:30:29","date_gmt":"2021-10-13T07:30:29","guid":{"rendered":"http:\/\/vinceneux.fr\/Photoblog\/?p=1237"},"modified":"2021-10-13T09:37:12","modified_gmt":"2021-10-13T07:37:12","slug":"j10-10-durfort-lacapellette-moissac","status":"publish","type":"post","link":"http:\/\/www.vinceneux.fr\/Photoblog\/?p=1237","title":{"rendered":"J10\/10 : Durfort Lacapellette &#8211; Moissac"},"content":{"rendered":"\n<figure class=\"wp-block-image size-large\"><a href=\"http:\/\/vinceneux.fr\/Photoblog\/wp-content\/uploads\/2021\/10\/w_100_2021_sans-titre__9270135.jpg\" target=\"_blank\" rel=\"noopener noreferrer\"><img loading=\"lazy\" decoding=\"async\" width=\"1600\" height=\"640\" src=\"http:\/\/vinceneux.fr\/Photoblog\/wp-content\/uploads\/2021\/10\/w_100_2021_sans-titre__9270135-1600x640.jpg\" alt=\"\" class=\"wp-image-1238\" srcset=\"http:\/\/www.vinceneux.fr\/Photoblog\/wp-content\/uploads\/2021\/10\/w_100_2021_sans-titre__9270135-1600x640.jpg 1600w, http:\/\/www.vinceneux.fr\/Photoblog\/wp-content\/uploads\/2021\/10\/w_100_2021_sans-titre__9270135-900x360.jpg 900w, http:\/\/www.vinceneux.fr\/Photoblog\/wp-content\/uploads\/2021\/10\/w_100_2021_sans-titre__9270135-300x120.jpg 300w, http:\/\/www.vinceneux.fr\/Photoblog\/wp-content\/uploads\/2021\/10\/w_100_2021_sans-titre__9270135-1536x614.jpg 1536w, http:\/\/www.vinceneux.fr\/Photoblog\/wp-content\/uploads\/2021\/10\/w_100_2021_sans-titre__9270135.jpg 1920w\" sizes=\"auto, (max-width: 1600px) 100vw, 1600px\" \/><\/a><figcaption>D\u00e9part au petit matin,<br> du dernier de jour de marche pour cette ann\u00e9e 2021, vers Moissac,<br>sur le Chemin de Compostelle  &#8230;<\/figcaption><\/figure>\n\n\n\n<figure class=\"wp-block-image size-large\"><a href=\"http:\/\/vinceneux.fr\/Photoblog\/wp-content\/uploads\/2021\/10\/w_100_2021_sans-titre__9270134.jpg\" target=\"_blank\" rel=\"noopener noreferrer\"><img loading=\"lazy\" decoding=\"async\" width=\"1536\" height=\"1024\" src=\"http:\/\/vinceneux.fr\/Photoblog\/wp-content\/uploads\/2021\/10\/w_100_2021_sans-titre__9270134-1536x1024.jpg\" alt=\"\" class=\"wp-image-1239\" srcset=\"http:\/\/www.vinceneux.fr\/Photoblog\/wp-content\/uploads\/2021\/10\/w_100_2021_sans-titre__9270134-1536x1024.jpg 1536w, http:\/\/www.vinceneux.fr\/Photoblog\/wp-content\/uploads\/2021\/10\/w_100_2021_sans-titre__9270134-900x600.jpg 900w, http:\/\/www.vinceneux.fr\/Photoblog\/wp-content\/uploads\/2021\/10\/w_100_2021_sans-titre__9270134-300x200.jpg 300w, http:\/\/www.vinceneux.fr\/Photoblog\/wp-content\/uploads\/2021\/10\/w_100_2021_sans-titre__9270134.jpg 1920w\" sizes=\"auto, (max-width: 1536px) 100vw, 1536px\" \/><\/a><figcaption>Les pommiers sous leurs voiles<\/figcaption><\/figure>\n\n\n\n<figure class=\"wp-block-image size-large\"><a href=\"http:\/\/vinceneux.fr\/Photoblog\/wp-content\/uploads\/2021\/10\/w_100_2021_sans-titre__9270138.jpg\" target=\"_blank\" rel=\"noopener noreferrer\"><img loading=\"lazy\" decoding=\"async\" width=\"1600\" height=\"900\" src=\"http:\/\/vinceneux.fr\/Photoblog\/wp-content\/uploads\/2021\/10\/w_100_2021_sans-titre__9270138-1600x900.jpg\" alt=\"\" class=\"wp-image-1240\" srcset=\"http:\/\/www.vinceneux.fr\/Photoblog\/wp-content\/uploads\/2021\/10\/w_100_2021_sans-titre__9270138-1600x900.jpg 1600w, http:\/\/www.vinceneux.fr\/Photoblog\/wp-content\/uploads\/2021\/10\/w_100_2021_sans-titre__9270138-900x506.jpg 900w, http:\/\/www.vinceneux.fr\/Photoblog\/wp-content\/uploads\/2021\/10\/w_100_2021_sans-titre__9270138-300x169.jpg 300w, http:\/\/www.vinceneux.fr\/Photoblog\/wp-content\/uploads\/2021\/10\/w_100_2021_sans-titre__9270138-1536x864.jpg 1536w, http:\/\/www.vinceneux.fr\/Photoblog\/wp-content\/uploads\/2021\/10\/w_100_2021_sans-titre__9270138.jpg 1920w\" sizes=\"auto, (max-width: 1600px) 100vw, 1600px\" \/><\/a><figcaption>Petite \u00e9glise vue \u00e0 partir d&rsquo;une \u00e9tape, <br>avec beaucoup de routes goudronn\u00e9es et peu de chemins ou sentiers &#8230;<\/figcaption><\/figure>\n\n\n\n<figure class=\"wp-block-image size-large\"><img loading=\"lazy\" decoding=\"async\" width=\"1024\" height=\"1024\" src=\"http:\/\/vinceneux.fr\/Photoblog\/wp-content\/uploads\/2021\/10\/w_100_20210927_112231-1024x1024.jpg\" alt=\"\" class=\"wp-image-1241\" srcset=\"http:\/\/www.vinceneux.fr\/Photoblog\/wp-content\/uploads\/2021\/10\/w_100_20210927_112231-1024x1024.jpg 1024w, http:\/\/www.vinceneux.fr\/Photoblog\/wp-content\/uploads\/2021\/10\/w_100_20210927_112231-600x600.jpg 600w, http:\/\/www.vinceneux.fr\/Photoblog\/wp-content\/uploads\/2021\/10\/w_100_20210927_112231-200x200.jpg 200w, http:\/\/www.vinceneux.fr\/Photoblog\/wp-content\/uploads\/2021\/10\/w_100_20210927_112231-1536x1536.jpg 1536w, http:\/\/www.vinceneux.fr\/Photoblog\/wp-content\/uploads\/2021\/10\/w_100_20210927_112231.jpg 1920w\" sizes=\"auto, (max-width: 1024px) 100vw, 1024px\" \/><figcaption>Toujours r\u00e9f\u00e9rence au Cluny de mon pays natal !<br><br>Et \u00e9tape finale pour 2021, de ce bout de Camino de Compostela.<br>But que je m&rsquo;\u00e9tais fix\u00e9 <br>pour cette ann\u00e9e un peu sp\u00e9ciale, en g\u00e9n\u00e9ral, et pour moi personnellement.<\/figcaption><\/figure>\n\n\n\n<figure class=\"wp-block-image size-large\"><a href=\"http:\/\/vinceneux.fr\/Photoblog\/wp-content\/uploads\/2021\/10\/w_100_2021_sans-titre__9270153.jpg\" target=\"_blank\" rel=\"noopener noreferrer\"><img loading=\"lazy\" decoding=\"async\" width=\"1536\" height=\"1024\" src=\"http:\/\/vinceneux.fr\/Photoblog\/wp-content\/uploads\/2021\/10\/w_100_2021_sans-titre__9270153-1536x1024.jpg\" alt=\"\" class=\"wp-image-1242\" srcset=\"http:\/\/www.vinceneux.fr\/Photoblog\/wp-content\/uploads\/2021\/10\/w_100_2021_sans-titre__9270153-1536x1024.jpg 1536w, http:\/\/www.vinceneux.fr\/Photoblog\/wp-content\/uploads\/2021\/10\/w_100_2021_sans-titre__9270153-900x600.jpg 900w, http:\/\/www.vinceneux.fr\/Photoblog\/wp-content\/uploads\/2021\/10\/w_100_2021_sans-titre__9270153-300x200.jpg 300w, http:\/\/www.vinceneux.fr\/Photoblog\/wp-content\/uploads\/2021\/10\/w_100_2021_sans-titre__9270153.jpg 1920w\" sizes=\"auto, (max-width: 1536px) 100vw, 1536px\" \/><\/a><figcaption>Moissac, son Abbaye et son clo\u00eetre Roman magnifique <\/figcaption><\/figure>\n\n\n\n<figure class=\"wp-block-image size-large\"><a href=\"http:\/\/vinceneux.fr\/Photoblog\/wp-content\/uploads\/2021\/10\/w_100_2021_sans-titre__9270154.jpg\" target=\"_blank\" rel=\"noopener noreferrer\"><img loading=\"lazy\" decoding=\"async\" width=\"1024\" height=\"1024\" src=\"http:\/\/vinceneux.fr\/Photoblog\/wp-content\/uploads\/2021\/10\/w_100_2021_sans-titre__9270154-1024x1024.jpg\" alt=\"\" class=\"wp-image-1243\" srcset=\"http:\/\/www.vinceneux.fr\/Photoblog\/wp-content\/uploads\/2021\/10\/w_100_2021_sans-titre__9270154-1024x1024.jpg 1024w, http:\/\/www.vinceneux.fr\/Photoblog\/wp-content\/uploads\/2021\/10\/w_100_2021_sans-titre__9270154-600x600.jpg 600w, http:\/\/www.vinceneux.fr\/Photoblog\/wp-content\/uploads\/2021\/10\/w_100_2021_sans-titre__9270154-200x200.jpg 200w, http:\/\/www.vinceneux.fr\/Photoblog\/wp-content\/uploads\/2021\/10\/w_100_2021_sans-titre__9270154-1536x1536.jpg 1536w, http:\/\/www.vinceneux.fr\/Photoblog\/wp-content\/uploads\/2021\/10\/w_100_2021_sans-titre__9270154.jpg 1920w\" sizes=\"auto, (max-width: 1024px) 100vw, 1024px\" \/><\/a><figcaption>&#8211;<\/figcaption><\/figure>\n\n\n\n<figure class=\"wp-block-image size-large\"><a href=\"http:\/\/vinceneux.fr\/Photoblog\/wp-content\/uploads\/2021\/10\/w_100_2021_sans-titre__9270159.jpg\" target=\"_blank\" rel=\"noopener noreferrer\"><img loading=\"lazy\" decoding=\"async\" width=\"683\" height=\"1024\" src=\"http:\/\/vinceneux.fr\/Photoblog\/wp-content\/uploads\/2021\/10\/w_100_2021_sans-titre__9270159-683x1024.jpg\" alt=\"\" class=\"wp-image-1244\" srcset=\"http:\/\/www.vinceneux.fr\/Photoblog\/wp-content\/uploads\/2021\/10\/w_100_2021_sans-titre__9270159-683x1024.jpg 683w, http:\/\/www.vinceneux.fr\/Photoblog\/wp-content\/uploads\/2021\/10\/w_100_2021_sans-titre__9270159-400x600.jpg 400w, http:\/\/www.vinceneux.fr\/Photoblog\/wp-content\/uploads\/2021\/10\/w_100_2021_sans-titre__9270159-133x200.jpg 133w, http:\/\/www.vinceneux.fr\/Photoblog\/wp-content\/uploads\/2021\/10\/w_100_2021_sans-titre__9270159-1024x1536.jpg 1024w, http:\/\/www.vinceneux.fr\/Photoblog\/wp-content\/uploads\/2021\/10\/w_100_2021_sans-titre__9270159.jpg 1280w\" sizes=\"auto, (max-width: 683px) 100vw, 683px\" \/><\/a><figcaption>Autoportrait<\/figcaption><\/figure>\n\n\n\n<figure class=\"wp-block-image size-large\"><a href=\"http:\/\/vinceneux.fr\/Photoblog\/wp-content\/uploads\/2021\/10\/w_100_2021_sans-titre__9280169.jpg\" target=\"_blank\" rel=\"noopener noreferrer\"><img loading=\"lazy\" decoding=\"async\" width=\"768\" height=\"1024\" src=\"http:\/\/vinceneux.fr\/Photoblog\/wp-content\/uploads\/2021\/10\/w_100_2021_sans-titre__9280169-768x1024.jpg\" alt=\"\" class=\"wp-image-1245\" srcset=\"http:\/\/www.vinceneux.fr\/Photoblog\/wp-content\/uploads\/2021\/10\/w_100_2021_sans-titre__9280169-768x1024.jpg 768w, http:\/\/www.vinceneux.fr\/Photoblog\/wp-content\/uploads\/2021\/10\/w_100_2021_sans-titre__9280169-450x600.jpg 450w, http:\/\/www.vinceneux.fr\/Photoblog\/wp-content\/uploads\/2021\/10\/w_100_2021_sans-titre__9280169-150x200.jpg 150w, http:\/\/www.vinceneux.fr\/Photoblog\/wp-content\/uploads\/2021\/10\/w_100_2021_sans-titre__9280169-1152x1536.jpg 1152w, http:\/\/www.vinceneux.fr\/Photoblog\/wp-content\/uploads\/2021\/10\/w_100_2021_sans-titre__9280169.jpg 1440w\" sizes=\"auto, (max-width: 768px) 100vw, 768px\" \/><\/a><figcaption>La femme tent\u00e9e par le diable !<\/figcaption><\/figure>\n\n\n\n<figure class=\"wp-block-image size-large\"><a href=\"http:\/\/vinceneux.fr\/Photoblog\/wp-content\/uploads\/2021\/10\/w_100_20210927_163009.jpg\" target=\"_blank\" rel=\"noopener noreferrer\"><img loading=\"lazy\" decoding=\"async\" width=\"1365\" height=\"1024\" src=\"http:\/\/vinceneux.fr\/Photoblog\/wp-content\/uploads\/2021\/10\/w_100_20210927_163009-1365x1024.jpg\" alt=\"\" class=\"wp-image-1246\" srcset=\"http:\/\/www.vinceneux.fr\/Photoblog\/wp-content\/uploads\/2021\/10\/w_100_20210927_163009-1365x1024.jpg 1365w, http:\/\/www.vinceneux.fr\/Photoblog\/wp-content\/uploads\/2021\/10\/w_100_20210927_163009-800x600.jpg 800w, http:\/\/www.vinceneux.fr\/Photoblog\/wp-content\/uploads\/2021\/10\/w_100_20210927_163009-267x200.jpg 267w, http:\/\/www.vinceneux.fr\/Photoblog\/wp-content\/uploads\/2021\/10\/w_100_20210927_163009-1536x1152.jpg 1536w, http:\/\/www.vinceneux.fr\/Photoblog\/wp-content\/uploads\/2021\/10\/w_100_20210927_163009.jpg 1920w\" sizes=\"auto, (max-width: 1365px) 100vw, 1365px\" \/><\/a><figcaption>Le g\u00eete Alienor, sa d\u00e9co int\u00e9rieure si r\u00e9ussie et son accueil tr\u00e8s sympathique.<\/figcaption><\/figure>\n\n\n\n<figure class=\"wp-block-image size-large\"><a href=\"http:\/\/vinceneux.fr\/Photoblog\/wp-content\/uploads\/2021\/10\/w_100_2021_sans-titre__9280176.jpg\" target=\"_blank\" rel=\"noopener noreferrer\"><img loading=\"lazy\" decoding=\"async\" width=\"1536\" height=\"1024\" src=\"http:\/\/vinceneux.fr\/Photoblog\/wp-content\/uploads\/2021\/10\/w_100_2021_sans-titre__9280176-1536x1024.jpg\" alt=\"\" class=\"wp-image-1247\" srcset=\"http:\/\/www.vinceneux.fr\/Photoblog\/wp-content\/uploads\/2021\/10\/w_100_2021_sans-titre__9280176-1536x1024.jpg 1536w, http:\/\/www.vinceneux.fr\/Photoblog\/wp-content\/uploads\/2021\/10\/w_100_2021_sans-titre__9280176-900x600.jpg 900w, http:\/\/www.vinceneux.fr\/Photoblog\/wp-content\/uploads\/2021\/10\/w_100_2021_sans-titre__9280176-300x200.jpg 300w, http:\/\/www.vinceneux.fr\/Photoblog\/wp-content\/uploads\/2021\/10\/w_100_2021_sans-titre__9280176.jpg 1920w\" sizes=\"auto, (max-width: 1536px) 100vw, 1536px\" \/><\/a><figcaption>En attendant la reprise de mon Chemin de Compostelle en 2022 !<\/figcaption><\/figure>\n","protected":false},"excerpt":{"rendered":"","protected":false},"author":1,"featured_media":0,"comment_status":"open","ping_status":"open","sticky":false,"template":"","format":"standard","meta":{"_kad_post_transparent":"","_kad_post_title":"","_kad_post_layout":"","_kad_post_sidebar_id":"","_kad_post_content_style":"","_kad_post_vertical_padding":"","_kad_post_feature":"","_kad_post_feature_position":"","_kad_post_header":false,"_kad_post_footer":false,"_kad_post_classname":"","footnotes":""},"categories":[18],"tags":[],"class_list":["post-1237","post","type-post","status-publish","format-standard","hentry","category-compostelle"],"_links":{"self":[{"href":"http:\/\/www.vinceneux.fr\/Photoblog\/index.php?rest_route=\/wp\/v2\/posts\/1237","targetHints":{"allow":["GET"]}}],"collection":[{"href":"http:\/\/www.vinceneux.fr\/Photoblog\/index.php?rest_route=\/wp\/v2\/posts"}],"about":[{"href":"http:\/\/www.vinceneux.fr\/Photoblog\/index.php?rest_route=\/wp\/v2\/types\/post"}],"author":[{"embeddable":true,"href":"http:\/\/www.vinceneux.fr\/Photoblog\/index.php?rest_route=\/wp\/v2\/users\/1"}],"replies":[{"embeddable":true,"href":"http:\/\/www.vinceneux.fr\/Photoblog\/index.php?rest_route=%2Fwp%2Fv2%2Fcomments&post=1237"}],"version-history":[{"count":4,"href":"http:\/\/www.vinceneux.fr\/Photoblog\/index.php?rest_route=\/wp\/v2\/posts\/1237\/revisions"}],"predecessor-version":[{"id":1251,"href":"http:\/\/www.vinceneux.fr\/Photoblog\/index.php?rest_route=\/wp\/v2\/posts\/1237\/revisions\/1251"}],"wp:attachment":[{"href":"http:\/\/www.vinceneux.fr\/Photoblog\/index.php?rest_route=%2Fwp%2Fv2%2Fmedia&parent=1237"}],"wp:term":[{"taxonomy":"category","embeddable":true,"href":"http:\/\/www.vinceneux.fr\/Photoblog\/index.php?rest_route=%2Fwp%2Fv2%2Fcategories&post=1237"},{"taxonomy":"post_tag","embeddable":true,"href":"http:\/\/www.vinceneux.fr\/Photoblog\/index.php?rest_route=%2Fwp%2Fv2%2Ftags&post=1237"}],"curies":[{"name":"wp","href":"https:\/\/api.w.org\/{rel}","templated":true}]}}