{"id":111,"date":"2016-05-17T09:38:21","date_gmt":"2016-05-17T07:38:21","guid":{"rendered":"http:\/\/vinceneux.fr\/Photoblog\/?p=111"},"modified":"2016-05-25T13:40:06","modified_gmt":"2016-05-25T11:40:06","slug":"inauguration-de-mon-expo-a-minorque","status":"publish","type":"post","link":"http:\/\/www.vinceneux.fr\/Photoblog\/?p=111","title":{"rendered":"Inauguration de mon expo \u00e0 Minorque"},"content":{"rendered":"<p>Vendredi fut un grand jour :<\/p>\n<p>&#8211; avec la parution d&rsquo;une <strong>pleine page dans le journal \u00ab\u00a0Menorca\u00a0\u00bb<\/strong>, sur mon expo \u00ab\u00a0Menorca, al filo del agua\u00a0\u00bb (voir PDF ci-dessous, apr\u00e8s les photos),<\/p>\n<p>&#8211; et <strong>le vernissage<\/strong> en pr\u00e9sence du Maire.<\/p>\n<p><em>(Viernes fue un gran momento para mi con el articulo abajo en PDF en el diario \u00ab\u00a0Menorca\u00a0\u00bb por mi exposicion \u00ab\u00a0Menorca, al filo del agua\u00a0\u00bb y la inauguracion con el alclade)<\/em><\/p>\n<p>L&rsquo;article ci dessous et sa traduction en Fran\u00e7ais :<\/p>\n<p><a href=\"http:\/\/vinceneux.fr\/Photoblog\/?attachment_id=118\" rel=\"attachment wp-att-118\"><img loading=\"lazy\" decoding=\"async\" class=\"alignleft size-full wp-image-118\" src=\"http:\/\/vinceneux.fr\/Photoblog\/wp-content\/uploads\/2016\/05\/w_2016_Minorque_IMG_5407.jpg\" alt=\"w_2016_Minorque_IMG_5407\" width=\"667\" height=\"1000\" srcset=\"http:\/\/www.vinceneux.fr\/Photoblog\/wp-content\/uploads\/2016\/05\/w_2016_Minorque_IMG_5407.jpg 667w, http:\/\/www.vinceneux.fr\/Photoblog\/wp-content\/uploads\/2016\/05\/w_2016_Minorque_IMG_5407-400x600.jpg 400w\" sizes=\"auto, (max-width: 667px) 100vw, 667px\" \/><\/a><\/p>\n<p>&nbsp;<\/p>\n<figure id=\"attachment_139\" aria-describedby=\"caption-attachment-139\" style=\"width: 1200px\" class=\"wp-caption alignleft\"><a href=\"http:\/\/vinceneux.fr\/Photoblog\/?attachment_id=139\" rel=\"attachment wp-att-139\"><img loading=\"lazy\" decoding=\"async\" class=\"size-full wp-image-139\" src=\"http:\/\/vinceneux.fr\/Photoblog\/wp-content\/uploads\/2016\/05\/w_2016_Expo_bernardo-5.jpg\" alt=\"Discours\" width=\"1200\" height=\"800\" srcset=\"http:\/\/www.vinceneux.fr\/Photoblog\/wp-content\/uploads\/2016\/05\/w_2016_Expo_bernardo-5.jpg 1200w, http:\/\/www.vinceneux.fr\/Photoblog\/wp-content\/uploads\/2016\/05\/w_2016_Expo_bernardo-5-300x200.jpg 300w, http:\/\/www.vinceneux.fr\/Photoblog\/wp-content\/uploads\/2016\/05\/w_2016_Expo_bernardo-5-800x533.jpg 800w\" sizes=\"auto, (max-width: 1200px) 100vw, 1200px\" \/><\/a><figcaption id=\"caption-attachment-139\" class=\"wp-caption-text\">Discours<\/figcaption><\/figure>\n<p><a href=\"http:\/\/vinceneux.fr\/Photoblog\/?attachment_id=140\" rel=\"attachment wp-att-140\"><img loading=\"lazy\" decoding=\"async\" class=\"alignleft size-full wp-image-140\" src=\"http:\/\/vinceneux.fr\/Photoblog\/wp-content\/uploads\/2016\/05\/w_2016_Expo_bernardo-8.jpg\" alt=\"w_2016_Expo_bernardo-8\" width=\"1200\" height=\"800\" srcset=\"http:\/\/www.vinceneux.fr\/Photoblog\/wp-content\/uploads\/2016\/05\/w_2016_Expo_bernardo-8.jpg 1200w, http:\/\/www.vinceneux.fr\/Photoblog\/wp-content\/uploads\/2016\/05\/w_2016_Expo_bernardo-8-300x200.jpg 300w, http:\/\/www.vinceneux.fr\/Photoblog\/wp-content\/uploads\/2016\/05\/w_2016_Expo_bernardo-8-800x533.jpg 800w\" sizes=\"auto, (max-width: 1200px) 100vw, 1200px\" \/><\/a><a href=\"http:\/\/vinceneux.fr\/Photoblog\/?attachment_id=141\" rel=\"attachment wp-att-141\"><img loading=\"lazy\" decoding=\"async\" class=\"alignleft size-full wp-image-141\" src=\"http:\/\/vinceneux.fr\/Photoblog\/wp-content\/uploads\/2016\/05\/w_2016_Expo_bernardo.jpg\" alt=\"w_2016_Expo_bernardo\" width=\"1200\" height=\"800\" srcset=\"http:\/\/www.vinceneux.fr\/Photoblog\/wp-content\/uploads\/2016\/05\/w_2016_Expo_bernardo.jpg 1200w, http:\/\/www.vinceneux.fr\/Photoblog\/wp-content\/uploads\/2016\/05\/w_2016_Expo_bernardo-300x200.jpg 300w, http:\/\/www.vinceneux.fr\/Photoblog\/wp-content\/uploads\/2016\/05\/w_2016_Expo_bernardo-800x533.jpg 800w\" sizes=\"auto, (max-width: 1200px) 100vw, 1200px\" \/><\/a>\u00a0\u00a0<a href=\"http:\/\/vinceneux.fr\/Photoblog\/?attachment_id=121\" rel=\"attachment wp-att-121\">Es_diari_MENORCA_articulo_130516_1<\/a><a href=\"http:\/\/vinceneux.fr\/Photoblog\/?attachment_id=120\" rel=\"attachment wp-att-120\">\u00a0\u00a0\u00a0\u00a0<\/a><\/p>\n<p><a href=\"http:\/\/vinceneux.fr\/Photoblog\/?attachment_id=120\" rel=\"attachment wp-att-120\">\u00a0 Es_diari_MENORCA_articulo_130516_2<\/a><\/p>\n<p><a href=\"http:\/\/vinceneux.fr\/Photoblog\/?attachment_id=123\" rel=\"attachment wp-att-123\">Es_diari_MENORCA_articulo_130516_3<\/a><\/p>\n<p class=\"western\" align=\"center\"><em><span style=\"font-size: large;\"><b>Journal \u00ab\u00a0Menorca\u00a0\u00bb\u00a0: Article du 13\/05\/2016 <\/b><\/span><\/em><\/p>\n<p class=\"western\"><em><span style=\"font-size: medium;\">Perspective\u00a0: Bernard Vinceneux nous offre des images au raz de l&rsquo;eau, jouant avec les flots pour montrer ce qu&rsquo;il y a au-dessus et ce qui se cache sous la superficie.<\/span><\/em><\/p>\n<p class=\"western\"><em><span style=\"font-size: medium;\">Ci dessous l&rsquo;auteur regardant ses \u0153uvres hier dans la salle d&rsquo;exposition.<\/span><\/em><\/p>\n<p class=\"western\" align=\"left\"><em><span style=\"font-size: large;\"><b>\u00ab\u00a0Dessinant la mer depuis son appareil photo\u00a0\u00bb <\/b><\/span><span style=\"font-size: medium;\">Le fran\u00e7ais Bernard Vinceneux inaugure cet apr\u00e8s midi (\u00e0 19 h) une exposition particuli\u00e8re de photos prises au ras de l&rsquo;eau, offrant un angle de vue qui n&rsquo;est possible qu&rsquo;en nageant. Un point de vue nouveau des diff\u00e9rents lieux de Minorque confrontant les fonds marins avec ce qu&rsquo;il a au-dessus de l&rsquo;eau.<\/span><\/em><!--more--><\/p>\n<p class=\"western\"><em><span style=\"font-size: medium;\">\u00ab\u00a0Minorque, au fil de l&rsquo;eau\u00a0\u00bb est le titre de cette exposition qui peut se voir depuis aujourd&rsquo;hui jusqu&rsquo;au 29 Mai, en la salle polyvalente d&rsquo;Es Castell.<\/span><\/em><\/p>\n<p class=\"western\"><em><span style=\"font-size: medium;\">L&rsquo;auteur expose dans l&rsquo;\u00eele apr\u00e8s cinq expositions \u00e0 Nantes en son pays\u00a0: en 2008 sur un reportage dans les \u00e9coles du Mali , en 2009 \u00ab\u00a0d&rsquo;une rive \u00e0 l&rsquo;autre\u00a0\u00bb, en 2010 \u00ab\u00a0un m\u00e2t en Loire\u00a0\u00bb, en 2012 \u00ab\u00a0A quoi joue la m\u00e9diath\u00e8que Floresca Gu\u00e9pin\u00a0\u00bb et cette ann\u00e9e sur les grilles du Jardin des Plantes de Nantes.<\/span><\/em><\/p>\n<p class=\"western\"><em><span style=\"font-size: medium;\">Dans cette pr\u00e9sentation on peut voir 43 photos prises dans l&rsquo;\u00eele, toutes avec un appareil photos dans un caisson \u00e9tanche. Images particuli\u00e8res de Minorque \u00e0 la superficie de l&rsquo;eau en de nombreux endroits\u00a0: Es Canutells, Binib\u00e9quer, Es Grau, Pregonda ou Es Castell. <\/span><\/em><\/p>\n<p class=\"western\"><em><span style=\"font-size: medium;\">\u00ab\u00a0J&rsquo;aime la plong\u00e9e et la photographie pour montrer quelque chose de diff\u00e9rent, avec le ciel et les nuages et en m\u00eame temps ce qui se passe sous l&rsquo;eau\u00a0\u00bb<\/span><\/em><\/p>\n<p class=\"western\"><em><span style=\"font-size: medium;\">Le photographe fran\u00e7ais pr\u00e9cise aussi \u00ab\u00a0pour moi il est important que la photo suscite de l&rsquo;\u00e9motion et interroge les visiteurs\u00a0\u00bb.<\/span><\/em><\/p>\n<p class=\"western\"><em><span style=\"font-size: medium;\">Plaisir\u00a0: Mr Vinceneux signale qu&rsquo;\u00e0 Minorque, il a retrouv\u00e9 le plaisir de nager avec masque et palmes ce qui lui rappelle des souvenirs d&rsquo;enfance quand il nageait pr\u00e8s des c\u00f4tes fran\u00e7aises m\u00e9diterran\u00e9ennes. Il retrouve ainsi son go\u00fbt pour le milieu aquatique ainsi que sa passion pour la photographie, ce qui l&rsquo;a amen\u00e9 \u00e0 s&rsquo;acheter un caisson \u00e9tanche pour son appareil photo dans le but de r\u00e9aliser des images originales\u00a0: il ajoute\u00a0: \u00ab\u00a0je me suis concentr\u00e9 sur l&rsquo;espace de transition entre l&rsquo;eau et l&rsquo;air toujours \u00e0 la hauteur de mon masque, un peu en dessous de l&rsquo;eau, un peu au dessus ou entre deux eaux\u00a0\u00bb.<\/span><\/em><\/p>\n<p class=\"western\"><em><span style=\"font-size: medium;\">Parmi les objets avec lesquels il joue dans ses images, son paysage visuel est balis\u00e9 par des bou\u00e9es, qu&rsquo;il appelle \u00ab\u00a0fleurs d&rsquo;eau\u00a0\u00bb, avec leurs cha\u00eenes jusqu&rsquo;au fond marin, ou par les barques typiques de l&rsquo;\u00eeles (los lla\u00fcts).<\/span><\/em><\/p>\n<p class=\"western\"><span style=\"font-size: medium;\"><em>L&rsquo;exposition est ouverte les mercredis, vendredis et samedis de 19h \u00e0 21h, et les samedis et dimanches de 11h \u00e0 13h30.\u00a0\u00bb<\/em> <\/span><\/p>\n<p>&nbsp;<\/p>\n","protected":false},"excerpt":{"rendered":"<p>Vendredi fut un grand jour : &#8211; avec la parution d&rsquo;une pleine page dans le journal \u00ab\u00a0Menorca\u00a0\u00bb, sur mon expo \u00ab\u00a0Menorca, al filo del agua\u00a0\u00bb (voir PDF ci-dessous, apr\u00e8s les photos), &#8211; et le vernissage en pr\u00e9sence du Maire. (Viernes fue un gran momento para mi con el articulo abajo en PDF en el diario&#8230;<\/p>\n","protected":false},"author":1,"featured_media":0,"comment_status":"open","ping_status":"open","sticky":false,"template":"","format":"standard","meta":{"_kad_post_transparent":"","_kad_post_title":"","_kad_post_layout":"","_kad_post_sidebar_id":"","_kad_post_content_style":"","_kad_post_vertical_padding":"","_kad_post_feature":"","_kad_post_feature_position":"","_kad_post_header":false,"_kad_post_footer":false,"_kad_post_classname":"","footnotes":""},"categories":[2,3],"tags":[],"class_list":["post-111","post","type-post","status-publish","format-standard","hentry","category-expositions","category-minorque"],"_links":{"self":[{"href":"http:\/\/www.vinceneux.fr\/Photoblog\/index.php?rest_route=\/wp\/v2\/posts\/111","targetHints":{"allow":["GET"]}}],"collection":[{"href":"http:\/\/www.vinceneux.fr\/Photoblog\/index.php?rest_route=\/wp\/v2\/posts"}],"about":[{"href":"http:\/\/www.vinceneux.fr\/Photoblog\/index.php?rest_route=\/wp\/v2\/types\/post"}],"author":[{"embeddable":true,"href":"http:\/\/www.vinceneux.fr\/Photoblog\/index.php?rest_route=\/wp\/v2\/users\/1"}],"replies":[{"embeddable":true,"href":"http:\/\/www.vinceneux.fr\/Photoblog\/index.php?rest_route=%2Fwp%2Fv2%2Fcomments&post=111"}],"version-history":[{"count":11,"href":"http:\/\/www.vinceneux.fr\/Photoblog\/index.php?rest_route=\/wp\/v2\/posts\/111\/revisions"}],"predecessor-version":[{"id":192,"href":"http:\/\/www.vinceneux.fr\/Photoblog\/index.php?rest_route=\/wp\/v2\/posts\/111\/revisions\/192"}],"wp:attachment":[{"href":"http:\/\/www.vinceneux.fr\/Photoblog\/index.php?rest_route=%2Fwp%2Fv2%2Fmedia&parent=111"}],"wp:term":[{"taxonomy":"category","embeddable":true,"href":"http:\/\/www.vinceneux.fr\/Photoblog\/index.php?rest_route=%2Fwp%2Fv2%2Fcategories&post=111"},{"taxonomy":"post_tag","embeddable":true,"href":"http:\/\/www.vinceneux.fr\/Photoblog\/index.php?rest_route=%2Fwp%2Fv2%2Ftags&post=111"}],"curies":[{"name":"wp","href":"https:\/\/api.w.org\/{rel}","templated":true}]}}