{"id":106,"date":"2016-05-11T14:34:54","date_gmt":"2016-05-11T12:34:54","guid":{"rendered":"http:\/\/vinceneux.fr\/Photoblog\/?p=106"},"modified":"2016-05-11T14:34:54","modified_gmt":"2016-05-11T12:34:54","slug":"interview-sur-la-radio-des-castell","status":"publish","type":"post","link":"http:\/\/www.vinceneux.fr\/Photoblog\/?p=106","title":{"rendered":"Interview sur la radio d&rsquo;Es Castell"},"content":{"rendered":"<p>qui l&rsquo;eut cru ? que je pourrais r\u00e9pondre en direct \u00e0 une interview en Espagnol, pendant une vingtaine de minutes ? Pero no s\u00e9 cual Espa\u00f1ol &#8230;<br \/>\n(Quien se lo hubiera imaginado ? que puedo preguntar a una intervista de 20 minutos en Espa\u00f1ol sobre mi exposicion \u00ab\u00a0Menorca, al filo del agua\u00a0\u00bb ? Pero no s\u00e9 cual Espa\u00f1ol &#8230;!!!)<\/p>\n<p><a href=\"http:\/\/vinceneux.fr\/Photoblog\/?attachment_id=107\" rel=\"attachment wp-att-107\"><img loading=\"lazy\" decoding=\"async\" class=\"alignleft size-full wp-image-107\" src=\"http:\/\/vinceneux.fr\/Photoblog\/wp-content\/uploads\/2016\/05\/w_2016_sans-titre_IMG_2865.jpg\" alt=\"w_2016_sans titre_IMG_2865\" width=\"1000\" height=\"750\" srcset=\"http:\/\/www.vinceneux.fr\/Photoblog\/wp-content\/uploads\/2016\/05\/w_2016_sans-titre_IMG_2865.jpg 1000w, http:\/\/www.vinceneux.fr\/Photoblog\/wp-content\/uploads\/2016\/05\/w_2016_sans-titre_IMG_2865-800x600.jpg 800w\" sizes=\"auto, (max-width: 1000px) 100vw, 1000px\" \/><\/a><a href=\"http:\/\/vinceneux.fr\/Photoblog\/?attachment_id=108\" rel=\"attachment wp-att-108\"><img loading=\"lazy\" decoding=\"async\" class=\"alignleft size-full wp-image-108\" src=\"http:\/\/vinceneux.fr\/Photoblog\/wp-content\/uploads\/2016\/05\/w_2016_sans-titre_IMG_2864.jpg\" alt=\"w_2016_sans titre_IMG_2864\" width=\"1000\" height=\"750\" srcset=\"http:\/\/www.vinceneux.fr\/Photoblog\/wp-content\/uploads\/2016\/05\/w_2016_sans-titre_IMG_2864.jpg 1000w, http:\/\/www.vinceneux.fr\/Photoblog\/wp-content\/uploads\/2016\/05\/w_2016_sans-titre_IMG_2864-800x600.jpg 800w\" sizes=\"auto, (max-width: 1000px) 100vw, 1000px\" \/><\/a><\/p>\n","protected":false},"excerpt":{"rendered":"<p>qui l&rsquo;eut cru ? que je pourrais r\u00e9pondre en direct \u00e0 une interview en Espagnol, pendant une vingtaine de minutes ? Pero no s\u00e9 cual Espa\u00f1ol &#8230; (Quien se lo hubiera imaginado ? que puedo preguntar a una intervista de 20 minutos en Espa\u00f1ol sobre mi exposicion \u00ab\u00a0Menorca, al filo del agua\u00a0\u00bb ? Pero no&#8230;<\/p>\n","protected":false},"author":1,"featured_media":0,"comment_status":"open","ping_status":"open","sticky":false,"template":"","format":"standard","meta":{"_kad_post_transparent":"","_kad_post_title":"","_kad_post_layout":"","_kad_post_sidebar_id":"","_kad_post_content_style":"","_kad_post_vertical_padding":"","_kad_post_feature":"","_kad_post_feature_position":"","_kad_post_header":false,"_kad_post_footer":false,"_kad_post_classname":"","footnotes":""},"categories":[2,3],"tags":[],"class_list":["post-106","post","type-post","status-publish","format-standard","hentry","category-expositions","category-minorque"],"_links":{"self":[{"href":"http:\/\/www.vinceneux.fr\/Photoblog\/index.php?rest_route=\/wp\/v2\/posts\/106","targetHints":{"allow":["GET"]}}],"collection":[{"href":"http:\/\/www.vinceneux.fr\/Photoblog\/index.php?rest_route=\/wp\/v2\/posts"}],"about":[{"href":"http:\/\/www.vinceneux.fr\/Photoblog\/index.php?rest_route=\/wp\/v2\/types\/post"}],"author":[{"embeddable":true,"href":"http:\/\/www.vinceneux.fr\/Photoblog\/index.php?rest_route=\/wp\/v2\/users\/1"}],"replies":[{"embeddable":true,"href":"http:\/\/www.vinceneux.fr\/Photoblog\/index.php?rest_route=%2Fwp%2Fv2%2Fcomments&post=106"}],"version-history":[{"count":1,"href":"http:\/\/www.vinceneux.fr\/Photoblog\/index.php?rest_route=\/wp\/v2\/posts\/106\/revisions"}],"predecessor-version":[{"id":109,"href":"http:\/\/www.vinceneux.fr\/Photoblog\/index.php?rest_route=\/wp\/v2\/posts\/106\/revisions\/109"}],"wp:attachment":[{"href":"http:\/\/www.vinceneux.fr\/Photoblog\/index.php?rest_route=%2Fwp%2Fv2%2Fmedia&parent=106"}],"wp:term":[{"taxonomy":"category","embeddable":true,"href":"http:\/\/www.vinceneux.fr\/Photoblog\/index.php?rest_route=%2Fwp%2Fv2%2Fcategories&post=106"},{"taxonomy":"post_tag","embeddable":true,"href":"http:\/\/www.vinceneux.fr\/Photoblog\/index.php?rest_route=%2Fwp%2Fv2%2Ftags&post=106"}],"curies":[{"name":"wp","href":"https:\/\/api.w.org\/{rel}","templated":true}]}}